{"id":1291,"date":"2018-10-18T07:33:51","date_gmt":"2018-10-18T05:33:51","guid":{"rendered":"http:\/\/www.aws-neckartenzlingen.de\/w\/?p=1291"},"modified":"2019-04-09T11:16:23","modified_gmt":"2019-04-09T09:16:23","slug":"berufsschullehrer-zu-gast-in-der-auwiesenschule","status":"publish","type":"post","link":"https:\/\/www.aws-neckartenzlingen.de\/w\/2018\/10\/18\/berufsschullehrer-zu-gast-in-der-auwiesenschule\/","title":{"rendered":"Berufsschullehrer zu Gast an der Auwiesenschule"},"content":{"rendered":"<p><span style=\"font-family: Arial, serif; font-size: 12pt;\">Wann empfehlen wir unseren Sch\u00fclern, den Mittleren Bildungsabschluss in der zweij\u00e4hrigen Berufsfachschule zu machen?<\/span><\/p>\n<p><span style=\"font-family: Arial, serif; font-size: 12pt;\">Welche Erfolgsaussichten haben Werkrealsch\u00fcler im Berufskolleg und im Beruflichen Gymnasium?<\/span><\/p>\n<p><span style=\"font-family: Arial, serif; font-size: 12pt;\">Diese und andere Fragen wollte das Team Berufsorientierung an der Auwiesenschule mit den Kollegen der N\u00fcrtinger Berufsschulen besprechen. Wir freuten uns, dass die Schulleiter der Philipp-Matth\u00e4us-Hahn-Schule und der Albert-Sch\u00e4ffle-Schule erfahrene Kollegen zu diesem Austausch-Gespr\u00e4ch gesandt hatten.<br \/>\n<\/span><\/p>\n<p><span style=\"font-family: Arial, serif; font-size: 12pt;\">Nach der Begr\u00fc\u00dfung durch die Schulleiterin, Sylvia Leis, stellten sich die Teilnehmer vor und berichteten, in welchen Klassenstufen und F\u00e4chern sie unterrichten. Alle Lehrkr\u00e4fte stimmten in ihrer Wahrnehmung in Bezug auf Konzentrationsf\u00e4higkeit und Leistungsbereitschaft der Sch\u00fcler \u00fcberein.<\/span><\/p>\n<p><span style=\"font-family: Arial, serif; font-size: 12pt;\">In der anschlie\u00dfenden Fragerunde konnten beide Seiten Erfahrungen austauschen. Die Werkrealschullehrer erfuhren, welche F\u00e4higkeiten ein Sch\u00fcler mitbringen muss, um die jeweiligen Berufsschularten erfolgreich absolvieren zu k\u00f6nnen. Ein Test, der sich auf der Homepage der Berufsschulen befindet, hilft den Sch\u00fclern herauszufinden, ob sie f\u00fcr die gew\u00fcnschte Schulart ausreichend vorbereitet sind.<\/span><\/p>\n<p><span style=\"font-family: Arial, serif; font-size: 12pt;\">Am Ende des Treffens stellte sich die Frage, ob eine Gespr\u00e4chsrunde in diesem Format wiederholt werden sollte. Die Teilnehmer lobten den fruchtbaren Erfahrungsaustausch und es wurde deshalb vereinbart, sich n\u00e4chstes Jahr im Oktober erneut zusammen zu setzen. Dazu sollen Kollegen anderer allgemeinbildenden Schulen und anderer Berufsschulen eingeladen werden.<\/span><\/p>\n<p><span style=\"font-size: 12pt;\">S. M\u00e4hring<\/span><\/p>\n","protected":false},"excerpt":{"rendered":"<p>Wann empfehlen wir unseren Sch\u00fclern, den Mittleren Bildungsabschluss in der zweij\u00e4hrigen Berufsfachschule zu machen? Welche<\/p>\n","protected":false},"author":1,"featured_media":1292,"comment_status":"closed","ping_status":"closed","sticky":false,"template":"","format":"standard","meta":{"_themeisle_gutenberg_block_has_review":false,"footnotes":""},"categories":[1],"tags":[],"class_list":["post-1291","post","type-post","status-publish","format-standard","has-post-thumbnail","hentry","category-allgemein"],"publishpress_future_action":{"enabled":false,"date":"2026-05-09 07:13:10","action":"change-status","newStatus":"draft","terms":[],"taxonomy":"category","extraData":[]},"publishpress_future_workflow_manual_trigger":{"enabledWorkflows":[]},"_links":{"self":[{"href":"https:\/\/www.aws-neckartenzlingen.de\/w\/wp-json\/wp\/v2\/posts\/1291","targetHints":{"allow":["GET"]}}],"collection":[{"href":"https:\/\/www.aws-neckartenzlingen.de\/w\/wp-json\/wp\/v2\/posts"}],"about":[{"href":"https:\/\/www.aws-neckartenzlingen.de\/w\/wp-json\/wp\/v2\/types\/post"}],"author":[{"embeddable":true,"href":"https:\/\/www.aws-neckartenzlingen.de\/w\/wp-json\/wp\/v2\/users\/1"}],"replies":[{"embeddable":true,"href":"https:\/\/www.aws-neckartenzlingen.de\/w\/wp-json\/wp\/v2\/comments?post=1291"}],"version-history":[{"count":3,"href":"https:\/\/www.aws-neckartenzlingen.de\/w\/wp-json\/wp\/v2\/posts\/1291\/revisions"}],"predecessor-version":[{"id":1605,"href":"https:\/\/www.aws-neckartenzlingen.de\/w\/wp-json\/wp\/v2\/posts\/1291\/revisions\/1605"}],"wp:featuredmedia":[{"embeddable":true,"href":"https:\/\/www.aws-neckartenzlingen.de\/w\/wp-json\/wp\/v2\/media\/1292"}],"wp:attachment":[{"href":"https:\/\/www.aws-neckartenzlingen.de\/w\/wp-json\/wp\/v2\/media?parent=1291"}],"wp:term":[{"taxonomy":"category","embeddable":true,"href":"https:\/\/www.aws-neckartenzlingen.de\/w\/wp-json\/wp\/v2\/categories?post=1291"},{"taxonomy":"post_tag","embeddable":true,"href":"https:\/\/www.aws-neckartenzlingen.de\/w\/wp-json\/wp\/v2\/tags?post=1291"}],"curies":[{"name":"wp","href":"https:\/\/api.w.org\/{rel}","templated":true}]}}