{"id":1619,"date":"2019-03-30T07:39:00","date_gmt":"2019-03-30T06:39:00","guid":{"rendered":"http:\/\/www.aws-neckartenzlingen.de\/w\/?p=1619"},"modified":"2019-05-08T19:28:13","modified_gmt":"2019-05-08T17:28:13","slug":"klassenfahrt-der-neuner","status":"publish","type":"post","link":"https:\/\/www.aws-neckartenzlingen.de\/w\/2019\/03\/30\/klassenfahrt-der-neuner\/","title":{"rendered":"Klassenfahrt der Neuner"},"content":{"rendered":"<p><span style=\"font-family: Arial, sans-serif;\">Am 26.03.2019 fuhr die Klasse 9 nach M\u00fcnchen. Um 10:30 Uhr ging es vom Limes aus mit dem Reisebus los. Nach ca. drei Stunden Fahrt kamen wir am Starnberger See an. Dort hatten wir dann eine Stunde Zeit, um in Gruppen die Stadt zu erkunden. Nachdem wir alles gesehen hatten, fuhren wir weiter zu unserer Jugendherberge in Possenhofen. Dort angekommen wurden die Schl\u00fcssel verteilt. Wir brachten das Gep\u00e4ck in unsere Zimmer und schauten uns dann in der Jugendherberge um. Anschlie\u00dfend waren wir drau\u00dfen. Die Juhe liegt direkt am Starnberger See. Nicht weit entfernt sahen wir das Schloss, in dem Kaiserin Sissi fr\u00fcher ihre Sommerferien verbrachte.<\/span><\/p>\n<p><span style=\"font-family: Arial, sans-serif;\">Den n\u00e4chsten Tag haben wir in M\u00fcnchen verbracht und uns abends im Hard Rock Caf\u00e9 getroffen, um dort gemeinsam zu essen und Musik zu h\u00f6ren.<\/span><\/p>\n<p><span style=\"font-family: Arial, sans-serif;\">Am Donnerstag gingen wir wandern. Anfangs waren nicht alle begeistert, am Ende fanden es alle sch\u00f6n. Wir hatten einen tollen Blick auf den See und die Alpen. Mit dem Bus ging es den weiter zum Kloster Andechs. Zur Klosteranlage geh\u00f6ren eine Wallfahrtskirche und eine Brauerei.<\/span><\/p>\n<p><span style=\"font-family: Arial, sans-serif;\">Am letzten Tag r\u00e4umten wir die Zimmer auf und fuhren dann in das Konzentrationslager Dachau. Die M\u00e4dchen machten den Rundgang zusammen mit Frau M\u00e4hring, die Jungs mit Micha Gl\u00fcck. Hier konnten wir mit eigenen Augen sehen, was wir im Geschichts-unterricht \u00fcber das Leben und Sterben in solchen Lagern gelernt hatten.<\/span><\/p>\n<p><span style=\"font-family: Arial, sans-serif;\">Von Dachau aus fuhren wir wieder nach Hause.<\/span><\/p>\n<p><span style=\"font-family: Arial, sans-serif;\">Wir fanden unsere Klassenfahrt sehr sch\u00f6n und hatten viel Spa\u00df zusammen.<\/span><\/p>\n<p><span style=\"font-family: Arial, sans-serif;\">Any und Henriette<\/span><\/p>\n","protected":false},"excerpt":{"rendered":"<p>Am 26.03.2019 fuhr die Klasse 9 nach M\u00fcnchen. Um 10:30 Uhr ging es vom Limes<\/p>\n","protected":false},"author":1,"featured_media":1620,"comment_status":"closed","ping_status":"closed","sticky":false,"template":"","format":"standard","meta":{"_themeisle_gutenberg_block_has_review":false,"footnotes":""},"categories":[1],"tags":[],"class_list":["post-1619","post","type-post","status-publish","format-standard","has-post-thumbnail","hentry","category-allgemein"],"publishpress_future_action":{"enabled":false,"date":"2026-05-07 00:29:49","action":"change-status","newStatus":"draft","terms":[],"taxonomy":"category","extraData":[]},"publishpress_future_workflow_manual_trigger":{"enabledWorkflows":[]},"_links":{"self":[{"href":"https:\/\/www.aws-neckartenzlingen.de\/w\/wp-json\/wp\/v2\/posts\/1619","targetHints":{"allow":["GET"]}}],"collection":[{"href":"https:\/\/www.aws-neckartenzlingen.de\/w\/wp-json\/wp\/v2\/posts"}],"about":[{"href":"https:\/\/www.aws-neckartenzlingen.de\/w\/wp-json\/wp\/v2\/types\/post"}],"author":[{"embeddable":true,"href":"https:\/\/www.aws-neckartenzlingen.de\/w\/wp-json\/wp\/v2\/users\/1"}],"replies":[{"embeddable":true,"href":"https:\/\/www.aws-neckartenzlingen.de\/w\/wp-json\/wp\/v2\/comments?post=1619"}],"version-history":[{"count":1,"href":"https:\/\/www.aws-neckartenzlingen.de\/w\/wp-json\/wp\/v2\/posts\/1619\/revisions"}],"predecessor-version":[{"id":1621,"href":"https:\/\/www.aws-neckartenzlingen.de\/w\/wp-json\/wp\/v2\/posts\/1619\/revisions\/1621"}],"wp:featuredmedia":[{"embeddable":true,"href":"https:\/\/www.aws-neckartenzlingen.de\/w\/wp-json\/wp\/v2\/media\/1620"}],"wp:attachment":[{"href":"https:\/\/www.aws-neckartenzlingen.de\/w\/wp-json\/wp\/v2\/media?parent=1619"}],"wp:term":[{"taxonomy":"category","embeddable":true,"href":"https:\/\/www.aws-neckartenzlingen.de\/w\/wp-json\/wp\/v2\/categories?post=1619"},{"taxonomy":"post_tag","embeddable":true,"href":"https:\/\/www.aws-neckartenzlingen.de\/w\/wp-json\/wp\/v2\/tags?post=1619"}],"curies":[{"name":"wp","href":"https:\/\/api.w.org\/{rel}","templated":true}]}}