{"id":1626,"date":"2019-04-12T12:28:44","date_gmt":"2019-04-12T10:28:44","guid":{"rendered":"http:\/\/www.aws-neckartenzlingen.de\/w\/?p=1626"},"modified":"2019-05-08T12:31:34","modified_gmt":"2019-05-08T10:31:34","slug":"die-vorschueler-besuchen-die-klasse-9","status":"publish","type":"post","link":"https:\/\/www.aws-neckartenzlingen.de\/w\/2019\/04\/12\/die-vorschueler-besuchen-die-klasse-9\/","title":{"rendered":"Die Vorsch\u00fcler besuchen die Klasse 9"},"content":{"rendered":"<p><span style=\"font-family: Arial, serif; font-size: 12pt;\">Heute, Mittwoch den 10. April, besuchten die Maxis die Sch\u00fclerinnen der 9. Klasse GuS (Gesundheit und Soziales) der Werkrealschule in der Auwiesenschule. Bereits zwei Wochen zuvor besuchten uns die Sch\u00fclerinnen mit ihrer Lehrerin Frau Walz in unserem Kindergarten und begleiteten uns im Freispiel. <\/span><\/p>\n<p><span style=\"font-family: Arial, serif; font-size: 12pt;\">Nach einer kurzen Begr\u00fc\u00dfung f\u00fchrten uns zwei Sch\u00fclerinnen durch das Schulgeb\u00e4ude. Sie zeigten uns verschiedene Klassenr\u00e4ume, das Sekretariat, das Lehrerzimmer und den Schulhof. Die Freude war gro\u00df, als wir einige ehemalige Kindergartenkinder trafen. Im Anschluss daran wurden wir in zwei Gruppen aufgeteilt. Eine Gruppe durfte in der Schulk\u00fcche Osterhasenpl\u00e4tzchen backen. <\/span><\/p>\n<p><span style=\"font-family: Arial, serif; font-size: 12pt;\">Die zweite Gruppe bastelte eine Brummbiene. Nachdem die Gruppen getauscht hatten und die Pl\u00e4tzchen fertig gebacken waren, durften wir diese auch gleich verkosten. Alle Kinder arbeiteten eifrig und mit gro\u00dfer Begeisterung mit. Zum Abschied gab es noch f\u00fcr jedes Kind (und jede Erzieherin) ein selbstgebasteltes Osternest. <\/span><\/p>\n<p><span style=\"font-family: Arial, serif; font-size: 12pt;\">Bei den Sch\u00fclerinnen und Frau Walz m\u00f6chten wir uns ganz herzlich f\u00fcr den gut organisierten und kurzweiligen Vormittag bedanken. <\/span><\/p>\n<p><span style=\"font-family: Arial, serif; font-size: 12pt;\">Vielen Dank<\/span><\/p>\n<p><span style=\"font-family: Arial, serif; font-size: 12pt;\">Die Maxis und Erzieherinnen vom Kindergarten Metzinger Stra\u00dfe.<\/span><\/p>\n","protected":false},"excerpt":{"rendered":"<p>Heute, Mittwoch den 10. April, besuchten die Maxis die Sch\u00fclerinnen der 9. Klasse GuS (Gesundheit<\/p>\n","protected":false},"author":1,"featured_media":1627,"comment_status":"closed","ping_status":"closed","sticky":false,"template":"","format":"standard","meta":{"_themeisle_gutenberg_block_has_review":false,"footnotes":""},"categories":[1],"tags":[],"class_list":["post-1626","post","type-post","status-publish","format-standard","has-post-thumbnail","hentry","category-allgemein"],"publishpress_future_action":{"enabled":false,"date":"2026-05-06 22:34:27","action":"change-status","newStatus":"draft","terms":[],"taxonomy":"category","extraData":[]},"publishpress_future_workflow_manual_trigger":{"enabledWorkflows":[]},"_links":{"self":[{"href":"https:\/\/www.aws-neckartenzlingen.de\/w\/wp-json\/wp\/v2\/posts\/1626","targetHints":{"allow":["GET"]}}],"collection":[{"href":"https:\/\/www.aws-neckartenzlingen.de\/w\/wp-json\/wp\/v2\/posts"}],"about":[{"href":"https:\/\/www.aws-neckartenzlingen.de\/w\/wp-json\/wp\/v2\/types\/post"}],"author":[{"embeddable":true,"href":"https:\/\/www.aws-neckartenzlingen.de\/w\/wp-json\/wp\/v2\/users\/1"}],"replies":[{"embeddable":true,"href":"https:\/\/www.aws-neckartenzlingen.de\/w\/wp-json\/wp\/v2\/comments?post=1626"}],"version-history":[{"count":4,"href":"https:\/\/www.aws-neckartenzlingen.de\/w\/wp-json\/wp\/v2\/posts\/1626\/revisions"}],"predecessor-version":[{"id":1631,"href":"https:\/\/www.aws-neckartenzlingen.de\/w\/wp-json\/wp\/v2\/posts\/1626\/revisions\/1631"}],"wp:featuredmedia":[{"embeddable":true,"href":"https:\/\/www.aws-neckartenzlingen.de\/w\/wp-json\/wp\/v2\/media\/1627"}],"wp:attachment":[{"href":"https:\/\/www.aws-neckartenzlingen.de\/w\/wp-json\/wp\/v2\/media?parent=1626"}],"wp:term":[{"taxonomy":"category","embeddable":true,"href":"https:\/\/www.aws-neckartenzlingen.de\/w\/wp-json\/wp\/v2\/categories?post=1626"},{"taxonomy":"post_tag","embeddable":true,"href":"https:\/\/www.aws-neckartenzlingen.de\/w\/wp-json\/wp\/v2\/tags?post=1626"}],"curies":[{"name":"wp","href":"https:\/\/api.w.org\/{rel}","templated":true}]}}