{"id":1657,"date":"2019-05-15T14:15:05","date_gmt":"2019-05-15T12:15:05","guid":{"rendered":"http:\/\/www.aws-neckartenzlingen.de\/w\/?p=1657"},"modified":"2019-05-16T15:46:50","modified_gmt":"2019-05-16T13:46:50","slug":"workshop-waehlen-ab-16-im-neckartenzlinger-rathaus","status":"publish","type":"post","link":"https:\/\/www.aws-neckartenzlingen.de\/w\/2019\/05\/15\/workshop-waehlen-ab-16-im-neckartenzlinger-rathaus\/","title":{"rendered":"Workshop \u201eW\u00e4hlen ab 16\u201c im Neckartenzlinger Rathaus"},"content":{"rendered":"<p><span style=\"font-size: 12pt;\">Die Gemeinde Neckartenzligen und die Jugendfeuewehr hatte interessierte jungen Menschen aus Neckartenzlingen am 14. Mai zu einem Workshop \u201eW\u00e4hlen ab 16\u201c ins Rathaus eingeladen. Die Klasse 8 der Auwiesenschule hat im Fach Gemeinschaftskunde genau diese Thematik und war mit 18 Sch\u00fcler*innen in Begleitung von Herrn Korinek bei der Veranstaltung dabei.<\/span><\/p>\n<p><span style=\"font-size: 12pt;\">B\u00fcrgermeisterin Melanie Braun begr\u00fc\u00dfte die anwesenden Sch\u00fcler*innen im Gemeinderatssaal und erkl\u00e4rte ihnen, welche Wahlen am 26. Mai anstehen und wie das alles funktioniert.<\/span><\/p>\n<p><span style=\"font-size: 12pt;\">Anschlie\u00dfend&nbsp; durften die Sch\u00fcler*innen nach zu selbstgew\u00e4hlten Themen jeweils eine Ideen- und Wunschliste erstellen. Die vier Hauptthemen waren,&nbsp; Jugendhaus, Infrastruktur, Freizeitgestaltung&nbsp; und&nbsp; \u201eAngebote f\u00fcr jungen Menschen\u201c in der Kommune. Es folgten \u00e4u\u00dferst &nbsp;interessante Vorschl\u00e4ge und es war sch\u00f6n anzusehen mit welchem Engagement die Achtkl\u00e4ssler daf\u00fcr argumentierten, was beispielsweise beim Jugendhaus besser gemacht werden sollte.<\/span><\/p>\n<p><span style=\"font-size: 12pt;\">Am 21. Mai um 19 Uhr&nbsp; ist die n\u00e4chste Gemeinderatssitzung und es besteht die M\u00f6glichkeit f\u00fcr die Jugendlichen die Ergebnisse der genannten&nbsp; Workshops zu pr\u00e4sentieren. Selbstverst\u00e4ndlich besteht dann auch Gelegenheit, die B\u00fcrgermeisterin und die Gemeinder\u00e4te einmal \u201elive\u201c in der Sitzung zu erleben und die eine oder andere Frage zu stellen.<\/span><\/p>\n<p><span style=\"font-size: 12pt;\">M.Gl\u00fcck<\/span><\/p>\n","protected":false},"excerpt":{"rendered":"<p>Die Gemeinde Neckartenzligen und die Jugendfeuewehr hatte interessierte jungen Menschen aus Neckartenzlingen am 14. Mai<\/p>\n","protected":false},"author":1,"featured_media":1658,"comment_status":"closed","ping_status":"closed","sticky":false,"template":"","format":"standard","meta":{"_themeisle_gutenberg_block_has_review":false,"footnotes":""},"categories":[1],"tags":[],"class_list":["post-1657","post","type-post","status-publish","format-standard","has-post-thumbnail","hentry","category-allgemein"],"publishpress_future_action":{"enabled":false,"date":"2026-05-10 10:35:15","action":"change-status","newStatus":"draft","terms":[],"taxonomy":"category","extraData":[]},"publishpress_future_workflow_manual_trigger":{"enabledWorkflows":[]},"_links":{"self":[{"href":"https:\/\/www.aws-neckartenzlingen.de\/w\/wp-json\/wp\/v2\/posts\/1657","targetHints":{"allow":["GET"]}}],"collection":[{"href":"https:\/\/www.aws-neckartenzlingen.de\/w\/wp-json\/wp\/v2\/posts"}],"about":[{"href":"https:\/\/www.aws-neckartenzlingen.de\/w\/wp-json\/wp\/v2\/types\/post"}],"author":[{"embeddable":true,"href":"https:\/\/www.aws-neckartenzlingen.de\/w\/wp-json\/wp\/v2\/users\/1"}],"replies":[{"embeddable":true,"href":"https:\/\/www.aws-neckartenzlingen.de\/w\/wp-json\/wp\/v2\/comments?post=1657"}],"version-history":[{"count":2,"href":"https:\/\/www.aws-neckartenzlingen.de\/w\/wp-json\/wp\/v2\/posts\/1657\/revisions"}],"predecessor-version":[{"id":1678,"href":"https:\/\/www.aws-neckartenzlingen.de\/w\/wp-json\/wp\/v2\/posts\/1657\/revisions\/1678"}],"wp:featuredmedia":[{"embeddable":true,"href":"https:\/\/www.aws-neckartenzlingen.de\/w\/wp-json\/wp\/v2\/media\/1658"}],"wp:attachment":[{"href":"https:\/\/www.aws-neckartenzlingen.de\/w\/wp-json\/wp\/v2\/media?parent=1657"}],"wp:term":[{"taxonomy":"category","embeddable":true,"href":"https:\/\/www.aws-neckartenzlingen.de\/w\/wp-json\/wp\/v2\/categories?post=1657"},{"taxonomy":"post_tag","embeddable":true,"href":"https:\/\/www.aws-neckartenzlingen.de\/w\/wp-json\/wp\/v2\/tags?post=1657"}],"curies":[{"name":"wp","href":"https:\/\/api.w.org\/{rel}","templated":true}]}}