{"id":1742,"date":"2019-06-03T20:27:54","date_gmt":"2019-06-03T18:27:54","guid":{"rendered":"http:\/\/www.aws-neckartenzlingen.de\/w\/?p=1742"},"modified":"2019-07-17T20:01:14","modified_gmt":"2019-07-17T18:01:14","slug":"rettet-die-meere","status":"publish","type":"post","link":"https:\/\/www.aws-neckartenzlingen.de\/w\/2019\/06\/03\/rettet-die-meere\/","title":{"rendered":"Rettet die Meere"},"content":{"rendered":"<div class=\"moz-text-html\" lang=\"x-unicode\">\n<p><span style=\"font-size: 12pt;\">Im Jahr 2050 werden die Sch\u00fclerinnen und Sch\u00fcler der Klasse 5 Anfang Vierzig\/Mitte Vierzig sein.<\/span><\/p>\n<p><span style=\"font-size: 12pt;\">Man geht davon aus, dass im Jahr 2050 mehr Plastik als Fisch im Meer sein wird.&nbsp;<\/span><\/p>\n<p><span style=\"font-size: 12pt;\">Im Unterricht wurde ausf\u00fchrlich dar\u00fcber gesprochen, wie der Plastikm\u00fcll in die Meere gelangt, welche Folgen das f\u00fcr uns Menschen haben wird und was wir tun k\u00f6nnen, um zu verhindern, dass so viel M\u00fcll in den Meeren landet.&nbsp;<\/span><\/p>\n<p><span style=\"font-size: 12pt;\">Hausaufgabe \u00fcber das Wochenende war es, den Plastikm\u00fcll zu sammeln, den ein jeder produziert hat.<\/span><\/p>\n<p><span style=\"font-size: 12pt;\">Ganz sch\u00f6n erstaunt waren die Sch\u00fclerinnen und Sch\u00fcler, was am Montag nach dem Wochenende alles zusammen kam. Aus Teilen des gesammelten Plastiks haben die Sch\u00fclerinnen und Sch\u00fcler dann einen gro\u00dfen Fisch gestaltet.<\/span><\/p>\n<p><span style=\"font-size: 12pt;\">Geschockt \u00fcber die Mengen an Plastik, die alleine unsere Klasse produziert hat, war es uns ein Anliegen, nicht nur die Mitsch\u00fcler zum Nachdenken und Handeln anzuregen, sondern so viele Menschen wie m\u00f6glich.<\/span><\/p>\n<p><span style=\"font-size: 12pt;\">So entstand die Idee, im Kunstunterricht Papiert\u00fcten zu gestalten nach dem Motto &#8222;Meine Uhr tickt &#8211; Rette mich\u201d.<\/span><\/p>\n<p><span style=\"font-size: 12pt;\">Diese T\u00fcten durften wir am 3. Juni im Edeka in Grossbettlingen verkaufen. Innerhalb von 45 Minuten wurden rund 50 T\u00fcten verkauft. Der Erl\u00f6s (49,10 Euro) wurde an den Nabu f\u00fcr das Projekt &#8222;Meere ohne Plastik&#8220; gespendet.&nbsp;<\/span><\/p>\n<p><span style=\"font-size: 12pt;\">Unser sch\u00f6nes Poster schm\u00fcckt nun den Gang unserer Schule.<\/span><\/p>\n<p><span style=\"font-size: 12pt;\"><em>\u201cIch habe gelernt, dass man nie zu klein daf\u00fcr ist, etwas zu bewirken.\u201d<\/em><\/span><\/p>\n<p><span style=\"font-size: 12pt;\">Unser Projekt war f\u00fcr uns ein voller Erfolg und die Sch\u00fclerinnen und Sch\u00fcler der Klasse 5 k\u00f6nnen sehr stolz auf sich sein.<\/span><\/p>\n<p><span style=\"font-size: 12pt;\">A. Bauditsch<\/span><\/p>\n<\/div>\n","protected":false},"excerpt":{"rendered":"<p>Im Jahr 2050 werden die Sch\u00fclerinnen und Sch\u00fcler der Klasse 5 Anfang Vierzig\/Mitte Vierzig sein.<\/p>\n","protected":false},"author":1,"featured_media":1743,"comment_status":"closed","ping_status":"closed","sticky":false,"template":"","format":"standard","meta":{"_themeisle_gutenberg_block_has_review":false,"footnotes":""},"categories":[1],"tags":[],"class_list":["post-1742","post","type-post","status-publish","format-standard","has-post-thumbnail","hentry","category-allgemein"],"publishpress_future_action":{"enabled":false,"date":"2026-05-08 12:44:52","action":"change-status","newStatus":"draft","terms":[],"taxonomy":"category","extraData":[]},"publishpress_future_workflow_manual_trigger":{"enabledWorkflows":[]},"_links":{"self":[{"href":"https:\/\/www.aws-neckartenzlingen.de\/w\/wp-json\/wp\/v2\/posts\/1742","targetHints":{"allow":["GET"]}}],"collection":[{"href":"https:\/\/www.aws-neckartenzlingen.de\/w\/wp-json\/wp\/v2\/posts"}],"about":[{"href":"https:\/\/www.aws-neckartenzlingen.de\/w\/wp-json\/wp\/v2\/types\/post"}],"author":[{"embeddable":true,"href":"https:\/\/www.aws-neckartenzlingen.de\/w\/wp-json\/wp\/v2\/users\/1"}],"replies":[{"embeddable":true,"href":"https:\/\/www.aws-neckartenzlingen.de\/w\/wp-json\/wp\/v2\/comments?post=1742"}],"version-history":[{"count":2,"href":"https:\/\/www.aws-neckartenzlingen.de\/w\/wp-json\/wp\/v2\/posts\/1742\/revisions"}],"predecessor-version":[{"id":1882,"href":"https:\/\/www.aws-neckartenzlingen.de\/w\/wp-json\/wp\/v2\/posts\/1742\/revisions\/1882"}],"wp:featuredmedia":[{"embeddable":true,"href":"https:\/\/www.aws-neckartenzlingen.de\/w\/wp-json\/wp\/v2\/media\/1743"}],"wp:attachment":[{"href":"https:\/\/www.aws-neckartenzlingen.de\/w\/wp-json\/wp\/v2\/media?parent=1742"}],"wp:term":[{"taxonomy":"category","embeddable":true,"href":"https:\/\/www.aws-neckartenzlingen.de\/w\/wp-json\/wp\/v2\/categories?post=1742"},{"taxonomy":"post_tag","embeddable":true,"href":"https:\/\/www.aws-neckartenzlingen.de\/w\/wp-json\/wp\/v2\/tags?post=1742"}],"curies":[{"name":"wp","href":"https:\/\/api.w.org\/{rel}","templated":true}]}}