{"id":1770,"date":"2019-07-03T16:53:17","date_gmt":"2019-07-03T14:53:17","guid":{"rendered":"http:\/\/www.aws-neckartenzlingen.de\/w\/?p=1770"},"modified":"2019-07-17T19:59:15","modified_gmt":"2019-07-17T17:59:15","slug":"ein-landespreisgewinner-an-der-auwiesenschule","status":"publish","type":"post","link":"https:\/\/www.aws-neckartenzlingen.de\/w\/2019\/07\/03\/ein-landespreisgewinner-an-der-auwiesenschule\/","title":{"rendered":"Ein Landespreisgewinner an der Auwiesenschule"},"content":{"rendered":"<p><span style=\"font-size: 12pt;\">Auch in Klasse 10 der Werkrealschule w\u00e4hlen die Sch\u00fcler ein Wahlpflichtfach, doch dass diese Entscheidung so weitreichende Folgen haben wird, konnte Eugen im Sommer 2018 noch nicht wissen.<\/span><\/p>\n<p><span style=\"font-size: 12pt;\">Fr\u00fch im Schuljahr zeigte sich jedoch, dass Eugen viel Freude, aber auch technisches Geschick f\u00fcr das Fach Natur und Technik besa\u00df. \u00dcber den Unterricht hinaus baute und werkelte Eugen auch zu Hause weiter und stellte Werkst\u00fccke und Ausstellungsst\u00fccke aus unterschiedlichen Materialien her. Unter der fachlichen Anleitung des leider mittlerweile verstorbenen Techniklehrers Holger Natterer konnte Eugen durch hervorragende Leistungen \u00fcberzeugen und bereits Ende Februar kristallisierte sich heraus, dass der Zehntkl\u00e4ssler ein Kandidat f\u00fcr den Landespreis der Werkrealschulen im Fach Natur und Technik sein k\u00f6nnte, da auch sein au\u00dferschulisches Engagement in Kirche, Musik und Familie weit \u00fcber das normale Ma\u00df hinaus ging. Auch auf seinen Einsatz f\u00fcr die Klassen- und Schulgemeinschaft war immer Verlass.<\/span><\/p>\n<p><span style=\"font-size: 12pt;\">So kam es, dass Eugen Dyck von der Auwiesenschule als einer der zehn landesweiten Preistr\u00e4ger von Juroren aus Wirtschaft und Kultusministerium ausgew\u00e4hlt und ausgezeichnet werden konnte. Der Tag begann mit der Einladung der Porsche AG, die als Kooperationspartner f\u00fcr diesen Preis steht. Eine Besichtigungstour durch das moderne und beeindruckende Ausbildungszentrum, Informationen zur Geschichte der Porsche AG, sowie ein Mittagessen im Kasino des Automobilkonzerns beeindruckten die Preistr\u00e4ger und ihre Begleiter sehr. Der Abschluss des ersten Teil des Tages bildete dann ein Besuch im Porschemuseum.<\/span><\/p>\n<p><span style=\"font-size: 12pt;\">Um 16.30 Uhr ging es dann zur feierlichen Preisverleihung im Wei\u00dfen Saal des Neuen Schlosses in Stuttgart, die durch die Schulband der Seckenheimschule Mannheim er\u00f6ffnet wurde.<\/span><\/p>\n<p><span style=\"font-size: 12pt;\">Herr Staatssekret\u00e4r Volker Schebesta begr\u00fc\u00dfte die Preistr\u00e4ger und ihre Begleitungen und w\u00fcrdigte die Leistung, den Mut und das Engagement der jungen Menschen, deren Geschichten teilweise sogar der Moderatorin Janet Pollok vom SWR eine G\u00e4nsehaut bescherten.<\/span><\/p>\n<p><span style=\"font-size: 12pt;\">Herr Andreas Haffner, Personalvorstand der Porsche AG \u00fcberreichte dann nach ein paar Worten pers\u00f6nlich die Urkunden und Geschenke an die zehn Preistr\u00e4ger des Faches Natur und Technik. Stolz konnten die Jugendlichen den Moment und den Applaus auf der B\u00fchne genie\u00dfen.<\/span><\/p>\n<p><span style=\"font-size: 12pt;\">Auch in den F\u00e4chern Wirtschaft und Informationstechnik, sowie Gesundheit und Soziales wurden jeweils zehn Preistr\u00e4gerinnen und Preistr\u00e4ger geehrt. Nach ca. 2 Stunden wurde die feierliche Veranstaltung durch das reichhaltige B\u00fcffet der Sch\u00fclerfirma einer Werkrealschule abgerundet.<\/span><\/p>\n<p><span style=\"font-size: 12pt;\">Ein toller Tag ging zu Ende und wir, die Schulgemeinschaft und alle Lehrkr\u00e4fte sind stolz auf \u201eunseren\u201c Eugen und w\u00fcnschen ihm f\u00fcr seine Zukunft alles Gute.<\/span><\/p>\n<p><span style=\"font-size: 12pt;\">T. Misselwitz<\/span><\/p>\n<p><span style=\"font-size: 12pt;\">In der Mediathek des SWR steht der Beitrag \u00fcber die Preisverleiung in der Sendung &#8222;SWR aktuell&#8220; vom 2.7.2019 <a href=\"https:\/\/swrmediathek.de\/player.htm?show=cee576a0-9d06-11e9-a7ff-005056a12b4c\" target=\"_blank\" rel=\"noopener noreferrer\">unter diesem Link<\/a> zur Verf\u00fcgung (ab 00:10:56).<\/span><\/p>\n","protected":false},"excerpt":{"rendered":"<p>Auch in Klasse 10 der Werkrealschule w\u00e4hlen die Sch\u00fcler ein Wahlpflichtfach, doch dass diese Entscheidung<\/p>\n","protected":false},"author":1,"featured_media":1773,"comment_status":"closed","ping_status":"closed","sticky":false,"template":"","format":"standard","meta":{"_themeisle_gutenberg_block_has_review":false,"footnotes":""},"categories":[1],"tags":[],"class_list":["post-1770","post","type-post","status-publish","format-standard","has-post-thumbnail","hentry","category-allgemein"],"publishpress_future_action":{"enabled":false,"date":"2026-05-09 13:29:46","action":"change-status","newStatus":"draft","terms":[],"taxonomy":"category","extraData":[]},"publishpress_future_workflow_manual_trigger":{"enabledWorkflows":[]},"_links":{"self":[{"href":"https:\/\/www.aws-neckartenzlingen.de\/w\/wp-json\/wp\/v2\/posts\/1770","targetHints":{"allow":["GET"]}}],"collection":[{"href":"https:\/\/www.aws-neckartenzlingen.de\/w\/wp-json\/wp\/v2\/posts"}],"about":[{"href":"https:\/\/www.aws-neckartenzlingen.de\/w\/wp-json\/wp\/v2\/types\/post"}],"author":[{"embeddable":true,"href":"https:\/\/www.aws-neckartenzlingen.de\/w\/wp-json\/wp\/v2\/users\/1"}],"replies":[{"embeddable":true,"href":"https:\/\/www.aws-neckartenzlingen.de\/w\/wp-json\/wp\/v2\/comments?post=1770"}],"version-history":[{"count":7,"href":"https:\/\/www.aws-neckartenzlingen.de\/w\/wp-json\/wp\/v2\/posts\/1770\/revisions"}],"predecessor-version":[{"id":1877,"href":"https:\/\/www.aws-neckartenzlingen.de\/w\/wp-json\/wp\/v2\/posts\/1770\/revisions\/1877"}],"wp:featuredmedia":[{"embeddable":true,"href":"https:\/\/www.aws-neckartenzlingen.de\/w\/wp-json\/wp\/v2\/media\/1773"}],"wp:attachment":[{"href":"https:\/\/www.aws-neckartenzlingen.de\/w\/wp-json\/wp\/v2\/media?parent=1770"}],"wp:term":[{"taxonomy":"category","embeddable":true,"href":"https:\/\/www.aws-neckartenzlingen.de\/w\/wp-json\/wp\/v2\/categories?post=1770"},{"taxonomy":"post_tag","embeddable":true,"href":"https:\/\/www.aws-neckartenzlingen.de\/w\/wp-json\/wp\/v2\/tags?post=1770"}],"curies":[{"name":"wp","href":"https:\/\/api.w.org\/{rel}","templated":true}]}}