{"id":28025,"date":"2021-11-10T20:58:00","date_gmt":"2021-11-10T19:58:00","guid":{"rendered":"https:\/\/www.aws-neckartenzlingen.de\/w\/?p=28025"},"modified":"2021-11-11T20:21:45","modified_gmt":"2021-11-11T19:21:45","slug":"sozial-und-praeventionstag","status":"publish","type":"post","link":"https:\/\/www.aws-neckartenzlingen.de\/w\/2021\/11\/10\/sozial-und-praeventionstag\/","title":{"rendered":"Sozial- und Pr\u00e4ventionstag"},"content":{"rendered":"<p>Nachdem er im letztes Jahr aufgrund der Corona-Pandemie ausfallen musste, konnte der Sozialtag dieses Jahr erfreulicherweise wieder stattfinden:<\/p>\n<p>Am Mittwoch nach den Herbstferien, gibt es an der Auwiesenschule traditionell eine kleine Pause vom regul\u00e4ren Stundenplanbetrieb. Wieder einmal stand also am 10. November f\u00fcr jede Klassenstufe ein besonderes Thema im Fokus, das unsere Sch\u00fclerinnen und Sch\u00fcler f\u00fcr ein selbstbestimmtes und gl\u00fcckliches Leben fit machen soll.<\/p>\n<p>Ob es um das soziale Miteinander in der Klasse geht, das Kennenlernen der neuen Mitsch\u00fcler in Klasse 5, die Pr\u00e4vention vor Drogenmissbrauch durch den KLARSICHT Parcours der Jugend- und Drogenberatung (im Bild zu sehen), oder um Aufkl\u00e4rung und Sexualerziehung durch Experten von Pro Familia \u2013 in allen Klassenzimmern wird in Kleingruppen, Pr\u00e4sentationen, durch ein Stationenarbeit oder auch in Gespr\u00e4chen den Sch\u00fclerinnen und Sch\u00fclern die heute so wichtigen Kompetenzen und Werte wie soziales Miteinander, NEIN-Sagen -K\u00f6nnen, Selbstbewusstsein, Toleranz u.v.m. vermittelt.<\/p>\n<p>Wir danken Herrn Weinzierl von der <a href=\"http:\/\/deutsche-knigge-gesellschaft.de\/\" target=\"_blank\" rel=\"noopener noreferrer\">Deutschen Kniggegesellschaft<\/a>, der unseren Neuntkl\u00e4sslern schon viele Jahre das richtige Auftreten bei Vorstellungsgespr\u00e4chen, aber auch in unterschiedlichen Alltagssituationen vermittelt, dem Kirchheimer <a href=\"https:\/\/www.profamilia.de\/bundeslaender\/baden-wuerttemberg\/beratungsstelle-kirchheim\/wir-ueber-uns.html\" target=\"_blank\" rel=\"noopener noreferrer\">Pro Familia<\/a> &#8211; Team, unserem Fachmann in Sachen Finanz- und Versicherungsberatung, Herrn Misselwitz sowie allen Kolleginnen und Kollegen f\u00fcr die Organisation und Durchf\u00fchrung dieses Tages.<\/p>\n<p>T. Misselwitz<\/p>\n","protected":false},"excerpt":{"rendered":"<p>Nachdem er im letztes Jahr aufgrund der Corona-Pandemie ausfallen musste, konnte der Sozialtag dieses Jahr<\/p>\n","protected":false},"author":1,"featured_media":28031,"comment_status":"closed","ping_status":"closed","sticky":false,"template":"","format":"standard","meta":{"_themeisle_gutenberg_block_has_review":false,"footnotes":""},"categories":[1],"tags":[],"class_list":["post-28025","post","type-post","status-publish","format-standard","has-post-thumbnail","hentry","category-allgemein"],"publishpress_future_action":{"enabled":false,"date":"2026-05-06 17:27:51","action":"change-status","newStatus":"draft","terms":[],"taxonomy":"category","extraData":[]},"publishpress_future_workflow_manual_trigger":{"enabledWorkflows":[]},"_links":{"self":[{"href":"https:\/\/www.aws-neckartenzlingen.de\/w\/wp-json\/wp\/v2\/posts\/28025","targetHints":{"allow":["GET"]}}],"collection":[{"href":"https:\/\/www.aws-neckartenzlingen.de\/w\/wp-json\/wp\/v2\/posts"}],"about":[{"href":"https:\/\/www.aws-neckartenzlingen.de\/w\/wp-json\/wp\/v2\/types\/post"}],"author":[{"embeddable":true,"href":"https:\/\/www.aws-neckartenzlingen.de\/w\/wp-json\/wp\/v2\/users\/1"}],"replies":[{"embeddable":true,"href":"https:\/\/www.aws-neckartenzlingen.de\/w\/wp-json\/wp\/v2\/comments?post=28025"}],"version-history":[{"count":4,"href":"https:\/\/www.aws-neckartenzlingen.de\/w\/wp-json\/wp\/v2\/posts\/28025\/revisions"}],"predecessor-version":[{"id":28034,"href":"https:\/\/www.aws-neckartenzlingen.de\/w\/wp-json\/wp\/v2\/posts\/28025\/revisions\/28034"}],"wp:featuredmedia":[{"embeddable":true,"href":"https:\/\/www.aws-neckartenzlingen.de\/w\/wp-json\/wp\/v2\/media\/28031"}],"wp:attachment":[{"href":"https:\/\/www.aws-neckartenzlingen.de\/w\/wp-json\/wp\/v2\/media?parent=28025"}],"wp:term":[{"taxonomy":"category","embeddable":true,"href":"https:\/\/www.aws-neckartenzlingen.de\/w\/wp-json\/wp\/v2\/categories?post=28025"},{"taxonomy":"post_tag","embeddable":true,"href":"https:\/\/www.aws-neckartenzlingen.de\/w\/wp-json\/wp\/v2\/tags?post=28025"}],"curies":[{"name":"wp","href":"https:\/\/api.w.org\/{rel}","templated":true}]}}