{"id":28927,"date":"2022-10-21T22:18:49","date_gmt":"2022-10-21T20:18:49","guid":{"rendered":"https:\/\/www.aws-neckartenzlingen.de\/w\/?p=28927"},"modified":"2022-10-21T22:22:21","modified_gmt":"2022-10-21T20:22:21","slug":"lesetag-2022","status":"publish","type":"post","link":"https:\/\/www.aws-neckartenzlingen.de\/w\/2022\/10\/21\/lesetag-2022\/","title":{"rendered":"Lesetag 2022"},"content":{"rendered":"<p>Astrid Lindgrens Klassiker &#8222;Ronja R\u00e4ubertochter&#8220; war bei unserem diesj\u00e4hrigen Lesetag ebenso vertreten, wie Wolfgang Herrndorfs literarischer Road-Trip &#8222;Tschick&#8220;, Oscar Wildes &#8222;Gespenst von Canterville&#8220; oder Marianne Kaurins Kinderroman &#8222;Irgendwo ist immer S\u00fcden&#8220;.<\/p>\n<p>Damit sind nur einige wenige der literarischen Werke genannt, aus denen die Lehrerinnen und Lehrer der Auwiesenschule anl\u00e4sslich des diesj\u00e4hrigen Lesetages am Freitag, 21. Oktober ihren Sch\u00fclerinnen und Sch\u00fclern vorgelesen haben.<\/p>\n<p>Abschnitte aus insgesamt drei verschiedenen B\u00fcchern konnte man sich an diesem Tag vorlesen lassen und dar\u00fcber hinaus auch noch Hintergrundinfos \u00fcber das jeweilige Werk und die Autor*innen erhalten.<\/p>\n<p>In erster Linie sollte dieser Vorlesevormittag Freude bereiten, den Sch\u00fclerinnen und Sch\u00fclern entspannte Momente des Abtauchens in Fantasiewelten bieten und so die Lust am Lesen wecken. So hoffen wir, mit unserem Beitrag zur diesj\u00e4hrigen <a href=\"https:\/\/www.frederick.de\/der-frederick-tag\/wer-ist-frederick.html\" target=\"_blank\" rel=\"noopener\">Frederickwoche<\/a> m\u00f6glichst vielen Kindern und Jugendlichen &#8211; wie es der britische Schriftsteller Aldous Huxley ausdr\u00fcckte &#8211; den Schl\u00fcssel &#8222;zu gro\u00dfen Taten, zu unertr\u00e4umten M\u00f6glichkeiten&#8220; an die Hand gegeben zu haben.<\/p>\n<p>Ein besonderer Dank gilt der Deutsch-Fachschaft und Frau Misselwitz f\u00fcr die Vorbereitung und Organisation des Lesetags.<\/p>\n<p>C. Kittel<\/p>\n","protected":false},"excerpt":{"rendered":"<p>Astrid Lindgrens Klassiker &#8222;Ronja R\u00e4ubertochter&#8220; war bei unserem diesj\u00e4hrigen Lesetag ebenso vertreten, wie Wolfgang Herrndorfs<\/p>\n","protected":false},"author":1,"featured_media":2105,"comment_status":"closed","ping_status":"closed","sticky":false,"template":"","format":"standard","meta":{"_themeisle_gutenberg_block_has_review":false,"footnotes":""},"categories":[1],"tags":[],"class_list":["post-28927","post","type-post","status-publish","format-standard","has-post-thumbnail","hentry","category-allgemein"],"publishpress_future_action":{"enabled":false,"date":"2026-05-06 17:43:46","action":"change-status","newStatus":"draft","terms":[],"taxonomy":"category","extraData":[]},"publishpress_future_workflow_manual_trigger":{"enabledWorkflows":[]},"_links":{"self":[{"href":"https:\/\/www.aws-neckartenzlingen.de\/w\/wp-json\/wp\/v2\/posts\/28927","targetHints":{"allow":["GET"]}}],"collection":[{"href":"https:\/\/www.aws-neckartenzlingen.de\/w\/wp-json\/wp\/v2\/posts"}],"about":[{"href":"https:\/\/www.aws-neckartenzlingen.de\/w\/wp-json\/wp\/v2\/types\/post"}],"author":[{"embeddable":true,"href":"https:\/\/www.aws-neckartenzlingen.de\/w\/wp-json\/wp\/v2\/users\/1"}],"replies":[{"embeddable":true,"href":"https:\/\/www.aws-neckartenzlingen.de\/w\/wp-json\/wp\/v2\/comments?post=28927"}],"version-history":[{"count":3,"href":"https:\/\/www.aws-neckartenzlingen.de\/w\/wp-json\/wp\/v2\/posts\/28927\/revisions"}],"predecessor-version":[{"id":28930,"href":"https:\/\/www.aws-neckartenzlingen.de\/w\/wp-json\/wp\/v2\/posts\/28927\/revisions\/28930"}],"wp:featuredmedia":[{"embeddable":true,"href":"https:\/\/www.aws-neckartenzlingen.de\/w\/wp-json\/wp\/v2\/media\/2105"}],"wp:attachment":[{"href":"https:\/\/www.aws-neckartenzlingen.de\/w\/wp-json\/wp\/v2\/media?parent=28927"}],"wp:term":[{"taxonomy":"category","embeddable":true,"href":"https:\/\/www.aws-neckartenzlingen.de\/w\/wp-json\/wp\/v2\/categories?post=28927"},{"taxonomy":"post_tag","embeddable":true,"href":"https:\/\/www.aws-neckartenzlingen.de\/w\/wp-json\/wp\/v2\/tags?post=28927"}],"curies":[{"name":"wp","href":"https:\/\/api.w.org\/{rel}","templated":true}]}}