{"id":29002,"date":"2022-11-17T16:49:43","date_gmt":"2022-11-17T15:49:43","guid":{"rendered":"https:\/\/www.aws-neckartenzlingen.de\/w\/?p=29002"},"modified":"2022-11-18T16:49:56","modified_gmt":"2022-11-18T15:49:56","slug":"laternenfest-der-erstklaessler","status":"publish","type":"post","link":"https:\/\/www.aws-neckartenzlingen.de\/w\/2022\/11\/17\/laternenfest-der-erstklaessler\/","title":{"rendered":"Laternenfest der Erstkl\u00e4ssler"},"content":{"rendered":"<p>Am 17.November feierten die Erstkl\u00e4ssler ihr diesj\u00e4hriges Laternenfest. Endlich wieder alle zusammen mit Eltern und Geschwistern!<\/p>\n<p>Als gro\u00dfe Gruppe machten wir uns mit leuchtenden Laternen auf den Weg zum Sportplatz.<\/p>\n<p>Dort wurde gemeinsam das Lieblingslied der Kinder \u201eLichterkinder\u201c gesungen und sich dann auf dem R\u00fcckweg zur Schule gemacht.<\/p>\n<p>Im Schulhof der Altdorferstra\u00dfe angekommen, sangen die Kinder mit Begeisterung die weiteren gelernten Laternenlieder, bevor das Buffett mit vielen mitgebrachten K\u00f6stlichkeiten er\u00f6ffnet wurde.<\/p>\n<p>Wir hatten einen tollen Nachmittag!<\/p>\n<p>I. Kessler<\/p>\n","protected":false},"excerpt":{"rendered":"<p>Am 17.November feierten die Erstkl\u00e4ssler ihr diesj\u00e4hriges Laternenfest. Endlich wieder alle zusammen mit Eltern und<\/p>\n","protected":false},"author":1,"featured_media":29003,"comment_status":"closed","ping_status":"closed","sticky":false,"template":"","format":"standard","meta":{"_themeisle_gutenberg_block_has_review":false,"footnotes":""},"categories":[1],"tags":[],"class_list":["post-29002","post","type-post","status-publish","format-standard","has-post-thumbnail","hentry","category-allgemein"],"publishpress_future_action":{"enabled":false,"date":"2026-05-06 17:19:09","action":"change-status","newStatus":"draft","terms":[],"taxonomy":"category","extraData":[]},"publishpress_future_workflow_manual_trigger":{"enabledWorkflows":[]},"_links":{"self":[{"href":"https:\/\/www.aws-neckartenzlingen.de\/w\/wp-json\/wp\/v2\/posts\/29002","targetHints":{"allow":["GET"]}}],"collection":[{"href":"https:\/\/www.aws-neckartenzlingen.de\/w\/wp-json\/wp\/v2\/posts"}],"about":[{"href":"https:\/\/www.aws-neckartenzlingen.de\/w\/wp-json\/wp\/v2\/types\/post"}],"author":[{"embeddable":true,"href":"https:\/\/www.aws-neckartenzlingen.de\/w\/wp-json\/wp\/v2\/users\/1"}],"replies":[{"embeddable":true,"href":"https:\/\/www.aws-neckartenzlingen.de\/w\/wp-json\/wp\/v2\/comments?post=29002"}],"version-history":[{"count":1,"href":"https:\/\/www.aws-neckartenzlingen.de\/w\/wp-json\/wp\/v2\/posts\/29002\/revisions"}],"predecessor-version":[{"id":29004,"href":"https:\/\/www.aws-neckartenzlingen.de\/w\/wp-json\/wp\/v2\/posts\/29002\/revisions\/29004"}],"wp:featuredmedia":[{"embeddable":true,"href":"https:\/\/www.aws-neckartenzlingen.de\/w\/wp-json\/wp\/v2\/media\/29003"}],"wp:attachment":[{"href":"https:\/\/www.aws-neckartenzlingen.de\/w\/wp-json\/wp\/v2\/media?parent=29002"}],"wp:term":[{"taxonomy":"category","embeddable":true,"href":"https:\/\/www.aws-neckartenzlingen.de\/w\/wp-json\/wp\/v2\/categories?post=29002"},{"taxonomy":"post_tag","embeddable":true,"href":"https:\/\/www.aws-neckartenzlingen.de\/w\/wp-json\/wp\/v2\/tags?post=29002"}],"curies":[{"name":"wp","href":"https:\/\/api.w.org\/{rel}","templated":true}]}}