{"id":29099,"date":"2022-12-09T12:30:06","date_gmt":"2022-12-09T11:30:06","guid":{"rendered":"https:\/\/www.aws-neckartenzlingen.de\/w\/?p=29099"},"modified":"2022-12-09T12:37:19","modified_gmt":"2022-12-09T11:37:19","slug":"klasse-8-gestaltet-komplette-zeitungsseite","status":"publish","type":"post","link":"https:\/\/www.aws-neckartenzlingen.de\/w\/2022\/12\/09\/klasse-8-gestaltet-komplette-zeitungsseite\/","title":{"rendered":"Klasse 8 gestaltet komplette Zeitungsseite"},"content":{"rendered":"<p>Gro\u00dfe Freude bei unseren Achtkl\u00e4sslern: In der Freitagsausgabe der N\u00fcrtinger Zeitung vom 09. Dezember 2022 sah man vier Artikel und ein Klassenfoto, die im Rahmen des Projekts \u201e<a href=\"https:\/\/www.ntz.de\/nuertingen\/artikel_zeitung-in-der-schule-startet-2.html\" target=\"_blank\" rel=\"noopener\">Zeitung in der Schule<\/a>\u201c in den vergangenen Wochen entstanden waren.<\/p>\n<p>Nahezu die komplette Seite 23 war von unseren Sch\u00fcler*innen gestaltet.<\/p>\n<p>Zu lesen gab es Berichte mit Interviews \u00fcber unsere Schulsanit\u00e4ter*innen unter der Federf\u00fchrung von Frau Neureuter (geschrieben von Noah Lichtenwald, Cem \u00d6gd\u00fcm und Lars Schmidt), \u00fcber die allj\u00e4hrliche Skifreizeit mit Herrn Secker (verfasst von Lenya Wucherer), einen Kommentar von Amy Handel \u00fcber den Krieg in der Ukraine sowie einen Informationsblock \u00fcber Elektroautos von Alessandro Gatto.<\/p>\n<p>Den prominenten Zeitungsseitenplatz oben rechts erhielt ein Klassenfoto, auf dem das bekannte Rembrandtgem\u00e4lde \u201eDie Anatomie des Dr. Tulp\u201c nachgestellt war. Wo das Original noch von Medizinstudenten handelte, die das Muskelgewebe eines Toten studierten, wurde auf dem Klassenbild auf humorvolle Weise dargestellt, wie unsere Klasse 8 in den vergangenen Wochen seit Projektbeginn die Zeitung \u201esezierten\u201c und deren \u201eAnatomie\u201c verinnerlichten.<\/p>\n<p>Wir danken der N\u00fcrtinger Zeitung ganz herzlich f\u00fcr die tolle M\u00f6glichkeit und insbesondere dem Journalisten Herrn Andreas Warausch, der mit den teilnehmenden Schulen in engem Kontakt steht und das Projekt bereits seit fast zwanzig Jahren mit unerm\u00fcdlichem Engagement und gro\u00dfer Freude begleitet.<\/p>\n<p>Knapp drei\u00dfig Schulklassen aus allen Schularten beteiligen sich an diesem Projekt und werden noch in der kommenden Woche in der N\u00fcrtinger Zeitung mit Beitr\u00e4gen vertreten sein.<\/p>\n<p>T. Brenner<\/p>\n","protected":false},"excerpt":{"rendered":"<p>Gro\u00dfe Freude bei unseren Achtkl\u00e4sslern: In der Freitagsausgabe der N\u00fcrtinger Zeitung vom 09. Dezember 2022<\/p>\n","protected":false},"author":1,"featured_media":29102,"comment_status":"closed","ping_status":"closed","sticky":false,"template":"","format":"standard","meta":{"_themeisle_gutenberg_block_has_review":false,"footnotes":""},"categories":[1],"tags":[],"class_list":["post-29099","post","type-post","status-publish","format-standard","has-post-thumbnail","hentry","category-allgemein"],"publishpress_future_action":{"enabled":false,"date":"2026-05-07 10:51:47","action":"change-status","newStatus":"draft","terms":[],"taxonomy":"category","extraData":[]},"publishpress_future_workflow_manual_trigger":{"enabledWorkflows":[]},"_links":{"self":[{"href":"https:\/\/www.aws-neckartenzlingen.de\/w\/wp-json\/wp\/v2\/posts\/29099","targetHints":{"allow":["GET"]}}],"collection":[{"href":"https:\/\/www.aws-neckartenzlingen.de\/w\/wp-json\/wp\/v2\/posts"}],"about":[{"href":"https:\/\/www.aws-neckartenzlingen.de\/w\/wp-json\/wp\/v2\/types\/post"}],"author":[{"embeddable":true,"href":"https:\/\/www.aws-neckartenzlingen.de\/w\/wp-json\/wp\/v2\/users\/1"}],"replies":[{"embeddable":true,"href":"https:\/\/www.aws-neckartenzlingen.de\/w\/wp-json\/wp\/v2\/comments?post=29099"}],"version-history":[{"count":2,"href":"https:\/\/www.aws-neckartenzlingen.de\/w\/wp-json\/wp\/v2\/posts\/29099\/revisions"}],"predecessor-version":[{"id":29103,"href":"https:\/\/www.aws-neckartenzlingen.de\/w\/wp-json\/wp\/v2\/posts\/29099\/revisions\/29103"}],"wp:featuredmedia":[{"embeddable":true,"href":"https:\/\/www.aws-neckartenzlingen.de\/w\/wp-json\/wp\/v2\/media\/29102"}],"wp:attachment":[{"href":"https:\/\/www.aws-neckartenzlingen.de\/w\/wp-json\/wp\/v2\/media?parent=29099"}],"wp:term":[{"taxonomy":"category","embeddable":true,"href":"https:\/\/www.aws-neckartenzlingen.de\/w\/wp-json\/wp\/v2\/categories?post=29099"},{"taxonomy":"post_tag","embeddable":true,"href":"https:\/\/www.aws-neckartenzlingen.de\/w\/wp-json\/wp\/v2\/tags?post=29099"}],"curies":[{"name":"wp","href":"https:\/\/api.w.org\/{rel}","templated":true}]}}