{"id":30314,"date":"2024-11-18T22:14:02","date_gmt":"2024-11-18T21:14:02","guid":{"rendered":"https:\/\/www.aws-neckartenzlingen.de\/w\/?p=30314"},"modified":"2024-11-21T17:23:28","modified_gmt":"2024-11-21T16:23:28","slug":"sieger-sein-im-kino-in-bad-urach","status":"publish","type":"post","link":"https:\/\/www.aws-neckartenzlingen.de\/w\/2024\/11\/18\/sieger-sein-im-kino-in-bad-urach\/","title":{"rendered":"\u201eSieger sein\u201c\u00a0 im Kino in Bad Urach"},"content":{"rendered":"<p>Im Rahmen der Schulkinowochen trat die Klasse 7 der AWS am vergangenen Freitag die Fahrt mit den \u00f6ffentlichen Verkehrsmitteln an. Bereits um 10 Uhr begann der Film, der nur f\u00fcr uns gespielt wurde und dank des F\u00f6rdervereins des Kinos in Bad Urach mussten wir nur 2 Euro f\u00fcr den Eintritt bezahlen. Gest\u00e4rkt mit Getr\u00e4nken und Popcorn waren alle neugierig auf den Film.<\/p>\n<p>Das etwas in die Jahre gekommene Kino verspr\u00fchte eine ganz besondere Atmosph\u00e4re und als die gem\u00fctlichen Pl\u00e4tze eingenommen waren, ging es auch schon los. Mona, ein elfj\u00e4hriges M\u00e4dchen, gefl\u00fcchtet aus Syrien, da die Familie im dortigen Widerstand gegen das Assadregime gek\u00e4mpft hatte, kam in eine Schule in Berlin-Wedding. Ohne Deutschkenntnisse, in alten uncoolen Klamotten, muss sie sich dort behaupten und an das Schulleben in einer Hauptstadtschule gew\u00f6hnen. Doch ihr gro\u00dfes Talent, n\u00e4mlich das Fu\u00dfballspielen \u00f6ffnet ihr manche Herzen und auch den Weg in das M\u00e4dchenteam der Schule.<\/p>\n<p>Sprache, Rassismuserfahrungen, traditionelle Geschlechterrollen u.v.m. werden in den 120 spannenden Minuten thematisiert. Die jugendliche Umgangssprache des Films und auch die Alltagsszenen einer Schule lie\u00dfen uns immer wieder schmunzeln und doch auch nachdenklich werden.<\/p>\n<p>Wir k\u00f6nnen diesen Film nur weiterempfehlen und auch die Schulkinowochen stellen eine tolle M\u00f6glichkeit dar, an einem au\u00dferschulischen Lernort ins Medium Film abzutauchen, dadurch Denkanst\u00f6\u00dfe zu schaffen und auch die Chance zu bekommen, vielschichtige Diskussionen ins Klassenzimmer zu holen.<\/p>\n<p>T. Misselwitz<\/p>\n<p>&nbsp;<\/p>\n","protected":false},"excerpt":{"rendered":"<p>Im Rahmen der Schulkinowochen trat die Klasse 7 der AWS am vergangenen Freitag die Fahrt<\/p>\n","protected":false},"author":1,"featured_media":30317,"comment_status":"closed","ping_status":"closed","sticky":false,"template":"","format":"standard","meta":{"_themeisle_gutenberg_block_has_review":false,"footnotes":""},"categories":[1],"tags":[],"class_list":["post-30314","post","type-post","status-publish","format-standard","has-post-thumbnail","hentry","category-allgemein"],"publishpress_future_action":{"enabled":false,"date":"2026-05-07 11:54:33","action":"change-status","newStatus":"draft","terms":[],"taxonomy":"category","extraData":[]},"publishpress_future_workflow_manual_trigger":{"enabledWorkflows":[]},"_links":{"self":[{"href":"https:\/\/www.aws-neckartenzlingen.de\/w\/wp-json\/wp\/v2\/posts\/30314","targetHints":{"allow":["GET"]}}],"collection":[{"href":"https:\/\/www.aws-neckartenzlingen.de\/w\/wp-json\/wp\/v2\/posts"}],"about":[{"href":"https:\/\/www.aws-neckartenzlingen.de\/w\/wp-json\/wp\/v2\/types\/post"}],"author":[{"embeddable":true,"href":"https:\/\/www.aws-neckartenzlingen.de\/w\/wp-json\/wp\/v2\/users\/1"}],"replies":[{"embeddable":true,"href":"https:\/\/www.aws-neckartenzlingen.de\/w\/wp-json\/wp\/v2\/comments?post=30314"}],"version-history":[{"count":6,"href":"https:\/\/www.aws-neckartenzlingen.de\/w\/wp-json\/wp\/v2\/posts\/30314\/revisions"}],"predecessor-version":[{"id":30321,"href":"https:\/\/www.aws-neckartenzlingen.de\/w\/wp-json\/wp\/v2\/posts\/30314\/revisions\/30321"}],"wp:featuredmedia":[{"embeddable":true,"href":"https:\/\/www.aws-neckartenzlingen.de\/w\/wp-json\/wp\/v2\/media\/30317"}],"wp:attachment":[{"href":"https:\/\/www.aws-neckartenzlingen.de\/w\/wp-json\/wp\/v2\/media?parent=30314"}],"wp:term":[{"taxonomy":"category","embeddable":true,"href":"https:\/\/www.aws-neckartenzlingen.de\/w\/wp-json\/wp\/v2\/categories?post=30314"},{"taxonomy":"post_tag","embeddable":true,"href":"https:\/\/www.aws-neckartenzlingen.de\/w\/wp-json\/wp\/v2\/tags?post=30314"}],"curies":[{"name":"wp","href":"https:\/\/api.w.org\/{rel}","templated":true}]}}