{"id":30568,"date":"2025-04-01T18:50:44","date_gmt":"2025-04-01T16:50:44","guid":{"rendered":"https:\/\/www.aws-neckartenzlingen.de\/w\/?p=30568"},"modified":"2025-04-03T10:49:18","modified_gmt":"2025-04-03T08:49:18","slug":"berufeparcours-in-der-melchiorhalle","status":"publish","type":"post","link":"https:\/\/www.aws-neckartenzlingen.de\/w\/2025\/04\/01\/berufeparcours-in-der-melchiorhalle\/","title":{"rendered":"Berufsparcours in der Melchiorhalle"},"content":{"rendered":"<p>Veranstaltet von der IHK in Kooperation mit dem Gymnasium und der Gemeinde Neckartenzlingen, fand am 1. April der <a href=\"https:\/\/www.ihk.de\/stuttgart\/bezirke\/bezirkskammer-esslingen-nuertingen\/ihk-berufsparcours-esslingen-nuertingen-6436622\" target=\"_blank\" rel=\"noopener\">IHK-Berufsparcours<\/a> in der Melchiorhalle statt.<\/p>\n<p>Die Sch\u00fclerinnen und Sch\u00fcler unserer Klassen 8, 9 und 10 machten sich am sp\u00e4ten Vormittag auf den Weg in die nebenan gelegene Veranstaltungshalle, wo wir bereits von Mitarbeiterinnen der IHK empfangen und \u00fcber den Ablauf des 60-min\u00fctigen Parcours informiert wurden. An insgesamt acht Stationen, die von verschiedenen Unternehmen betreut wurden, konnten die Sch\u00fclerinnen fachpraktische Aufgaben aus den jeweiligen Berufsbildern bearbeiten und so Einblicke gewinnen, ob ihnen die jeweiligen T\u00e4tigkeiten liegen.<\/p>\n<p>So wurde beispielsweise am Stand der Gastronomieberufe das richtige Eindecken und Servieren ge\u00fcbt, am Stand eines metallverarbeitenden Betriebs konnten Skulpturen aus Blech gebogen werden, die an Pflegeberufen interessierten Sch\u00fcler*innen sortierten &#8222;Medikamente&#8220; in Tages- und Wochenboxen und \u00fcbten das Geben von Spritzen &#8211; allerdings lediglich an Orangen.<\/p>\n<p>Die Stunde im Berufsparcours verging wie im Flug und alle Sch\u00fcler*innen nutzen die Gelegenheit, sich an verschiedenen\u00a0 Stationen auszuprobieren.<\/p>\n<p>Die R\u00fcckmeldungen unserer Achter, Neuner und Zehner waren durchweg positiv: Eine gelungene Aktion, bei der man mehrere Berufsbilder n\u00e4her kennen lernen konnte und bei der auch das eine oder andere \u201eGoldene Ticket\u201c \u00fcbergeben wurde &#8211; gleichsam eine Einladung zum Vorstellungsgespr\u00e4ch.<\/p>\n<p>Ein gro\u00dfes Dankesch\u00f6n f\u00fcr die Organisation des Berufsparcours geht an Claudia Roth von der IHK Region Stuttgart, an Markus Tr\u00e4mer vom Gymnasium sowie an die Verantwortlichen der Gemeinde Neckartenzlingen.<\/p>\n<p>C. Kittel<\/p>\n","protected":false},"excerpt":{"rendered":"<p>Veranstaltet von der IHK in Kooperation mit dem Gymnasium und der Gemeinde Neckartenzlingen, fand am<\/p>\n","protected":false},"author":1,"featured_media":30570,"comment_status":"closed","ping_status":"closed","sticky":false,"template":"","format":"standard","meta":{"_themeisle_gutenberg_block_has_review":false,"footnotes":""},"categories":[1],"tags":[],"class_list":["post-30568","post","type-post","status-publish","format-standard","has-post-thumbnail","hentry","category-allgemein"],"publishpress_future_action":{"enabled":false,"date":"2026-05-08 22:59:51","action":"change-status","newStatus":"draft","terms":[],"taxonomy":"category","extraData":[]},"publishpress_future_workflow_manual_trigger":{"enabledWorkflows":[]},"_links":{"self":[{"href":"https:\/\/www.aws-neckartenzlingen.de\/w\/wp-json\/wp\/v2\/posts\/30568","targetHints":{"allow":["GET"]}}],"collection":[{"href":"https:\/\/www.aws-neckartenzlingen.de\/w\/wp-json\/wp\/v2\/posts"}],"about":[{"href":"https:\/\/www.aws-neckartenzlingen.de\/w\/wp-json\/wp\/v2\/types\/post"}],"author":[{"embeddable":true,"href":"https:\/\/www.aws-neckartenzlingen.de\/w\/wp-json\/wp\/v2\/users\/1"}],"replies":[{"embeddable":true,"href":"https:\/\/www.aws-neckartenzlingen.de\/w\/wp-json\/wp\/v2\/comments?post=30568"}],"version-history":[{"count":9,"href":"https:\/\/www.aws-neckartenzlingen.de\/w\/wp-json\/wp\/v2\/posts\/30568\/revisions"}],"predecessor-version":[{"id":30584,"href":"https:\/\/www.aws-neckartenzlingen.de\/w\/wp-json\/wp\/v2\/posts\/30568\/revisions\/30584"}],"wp:featuredmedia":[{"embeddable":true,"href":"https:\/\/www.aws-neckartenzlingen.de\/w\/wp-json\/wp\/v2\/media\/30570"}],"wp:attachment":[{"href":"https:\/\/www.aws-neckartenzlingen.de\/w\/wp-json\/wp\/v2\/media?parent=30568"}],"wp:term":[{"taxonomy":"category","embeddable":true,"href":"https:\/\/www.aws-neckartenzlingen.de\/w\/wp-json\/wp\/v2\/categories?post=30568"},{"taxonomy":"post_tag","embeddable":true,"href":"https:\/\/www.aws-neckartenzlingen.de\/w\/wp-json\/wp\/v2\/tags?post=30568"}],"curies":[{"name":"wp","href":"https:\/\/api.w.org\/{rel}","templated":true}]}}