{"id":30927,"date":"2025-11-13T15:52:40","date_gmt":"2025-11-13T14:52:40","guid":{"rendered":"https:\/\/www.aws-neckartenzlingen.de\/w\/?p=30927"},"modified":"2025-11-14T08:16:18","modified_gmt":"2025-11-14T07:16:18","slug":"infoveranstaltungen-zu-pflegeberufen","status":"publish","type":"post","link":"https:\/\/www.aws-neckartenzlingen.de\/w\/2025\/11\/13\/infoveranstaltungen-zu-pflegeberufen\/","title":{"rendered":"Infoveranstaltung zu Pflegeberufen"},"content":{"rendered":"<p>Die Sch\u00fclerinnen und Sch\u00fcler der Klasse acht erhielten am 13. November im Rahmen des WBS-Unterrichts Besuch von Mitarbeiterinnen unseres Bildungspartners, des <a href=\"https:\/\/www.zieglersche.de\/sz-bempflingen\" target=\"_blank\" rel=\"noopener\">Seniorenzentrums \u201eIm Dorf\u201c<\/a> in Bempflingen.<\/p>\n<p>Einrichtugsleiterin Fotini Mpoikani kam in Begleitung von Pflegedienstleiterin Sandra Fiege und Pflegekoordinatorin Arilda Halili in die Klasse um zum Einen Ihre beruflichen T\u00e4tigkeiten vorzustellen und zum Anderen einen \u00dcberblick zu geben, welche M\u00f6glichkeiten f\u00fcr Praktika, FSJ und Ausbildung es bei den Zieglerschen, die als Tr\u00e4ger des Seniorenzentrums fungieren, gibt.<\/p>\n<p>Im Seniorenzentrum \u201eIm Dorf\u201c, das im Gesch\u00e4ftsbereich Altenpflege t\u00e4tig ist und neben 45 station\u00e4ren Pl\u00e4tzen auch noch \u00fcber Angebote der Tagespflege und \u00fcber ambulante Dienste verf\u00fcgt, sind beispielsweise f\u00fcr Sch\u00fclerinnen und Sch\u00fcler mit Hauptschulabschluss die Ausbildung zum Altenpflegehelfer oder zur Hauswirschafterin m\u00f6glich.<\/p>\n<p>Die drei Referentinnen beantworteten die zahlreichen Fragen der Jugendlichen und sprachen neben den vielf\u00e4ltigen Fortbildungsm\u00f6glichkeiten und der gro\u00dfen Zufriedenheit, die sie durch ihre berufliche T\u00e4tigkeit erfahren auch \u00fcber die zunehmenden Belastungen, die der Beruf mit sich bringt &#8211; seien es Wochenend- oder Nachtdienste oder seien es k\u00f6rperliche und psychische Belastungen.<\/p>\n<p>F\u00fcr die umfangreichen und interessanten Einblicke in den Bereich der Pflegeberufe bedanken wir uns ganz herzlich bei Frau Mpoikani, Frau Fiege und Frau Halili.<\/p>\n<p>C. Kittel<\/p>\n","protected":false},"excerpt":{"rendered":"<p>Die Sch\u00fclerinnen und Sch\u00fcler der Klasse acht erhielten am 13. November im Rahmen des WBS-Unterrichts<\/p>\n","protected":false},"author":1,"featured_media":30935,"comment_status":"closed","ping_status":"closed","sticky":false,"template":"","format":"standard","meta":{"_themeisle_gutenberg_block_has_review":false,"footnotes":""},"categories":[1],"tags":[],"class_list":["post-30927","post","type-post","status-publish","format-standard","has-post-thumbnail","hentry","category-allgemein"],"publishpress_future_action":{"enabled":false,"date":"2026-05-06 17:26:06","action":"change-status","newStatus":"draft","terms":[],"taxonomy":"category","extraData":[]},"publishpress_future_workflow_manual_trigger":{"enabledWorkflows":[]},"_links":{"self":[{"href":"https:\/\/www.aws-neckartenzlingen.de\/w\/wp-json\/wp\/v2\/posts\/30927","targetHints":{"allow":["GET"]}}],"collection":[{"href":"https:\/\/www.aws-neckartenzlingen.de\/w\/wp-json\/wp\/v2\/posts"}],"about":[{"href":"https:\/\/www.aws-neckartenzlingen.de\/w\/wp-json\/wp\/v2\/types\/post"}],"author":[{"embeddable":true,"href":"https:\/\/www.aws-neckartenzlingen.de\/w\/wp-json\/wp\/v2\/users\/1"}],"replies":[{"embeddable":true,"href":"https:\/\/www.aws-neckartenzlingen.de\/w\/wp-json\/wp\/v2\/comments?post=30927"}],"version-history":[{"count":6,"href":"https:\/\/www.aws-neckartenzlingen.de\/w\/wp-json\/wp\/v2\/posts\/30927\/revisions"}],"predecessor-version":[{"id":30943,"href":"https:\/\/www.aws-neckartenzlingen.de\/w\/wp-json\/wp\/v2\/posts\/30927\/revisions\/30943"}],"wp:featuredmedia":[{"embeddable":true,"href":"https:\/\/www.aws-neckartenzlingen.de\/w\/wp-json\/wp\/v2\/media\/30935"}],"wp:attachment":[{"href":"https:\/\/www.aws-neckartenzlingen.de\/w\/wp-json\/wp\/v2\/media?parent=30927"}],"wp:term":[{"taxonomy":"category","embeddable":true,"href":"https:\/\/www.aws-neckartenzlingen.de\/w\/wp-json\/wp\/v2\/categories?post=30927"},{"taxonomy":"post_tag","embeddable":true,"href":"https:\/\/www.aws-neckartenzlingen.de\/w\/wp-json\/wp\/v2\/tags?post=30927"}],"curies":[{"name":"wp","href":"https:\/\/api.w.org\/{rel}","templated":true}]}}